{"id":970,"date":"2014-09-06T20:11:26","date_gmt":"2014-09-06T20:11:26","guid":{"rendered":"http:\/\/zlatykun.com\/?p=970"},"modified":"2014-09-06T20:19:45","modified_gmt":"2014-09-06T20:19:45","slug":"zprava-z-55-jt-v-maluzinej","status":"publish","type":"post","link":"https:\/\/zlatykun.com\/?p=970","title":{"rendered":"Zpr\u00e1va z 55. JT v Malu\u017einej (28.7. &#8211; 3.8.2014)"},"content":{"rendered":"<p>I letos se po\u010detn\u00e1 skupina z\u00e1stupc\u016f ZO 1-04 Zlat\u00fd k\u016f\u0148 z\u00fa\u010dastnila Jaskyniarskeho t\u00fd\u017ed\u0148a<br \/>\ns po\u0159adov\u00fdm \u010d\u00edslem 55 a lokac\u00ed v autokempu Malu\u017ein\u00e1 v N\u00edzk\u00fdch Tatr\u00e1ch.<br \/>\nJednotliv\u00ed \u00fa\u010dastn\u00edci v\u0161ak p\u0159ij\u00ed\u017ed\u011bli v n\u011bkolika vln\u00e1ch.<br \/>\nNejv\u011bt\u0161\u00ed po\u010det se n\u00e1s tak se\u0161el b\u011bhem p\u00e1tku a soboty &#8211; celkem 8 ks.<br \/>\nPro mnoh\u00e9 z nich za\u010dal kalend\u00e1\u0159n\u00ed t\u00fdden pobytem v J\u00e1nsk\u00e9 dolin\u011b (Jasky\u0148a Zlom\u00edsk,<br \/>\nNov\u00e1 Stani\u0161ovsk\u00e1), a po \u010dase se t\u00e9\u017e do\u010dkala v\u011bt\u0161\u00ed pracovn\u00ed akce i propast \u0160kark\u00e9tka.<br \/>\nV r\u00e1mci samotn\u00e9ho setk\u00e1n\u00ed byly nav\u0161t\u00edveny lokality Svidovsk\u00e1 j. \u010d.2, Malu\u017einsk\u00e1 j., Z\u00e1po\u013en\u00e1<br \/>\n(v\u010detn\u011b &#8222;povinn\u00e9&#8220; pracovn\u00ed \u010dinnosti v bl\u00edzk\u00e9 perspektivn\u00ed jesky\u0148ce Nad \u017eelezni\u010dkou).<br \/>\nV sobotu pak byli n\u011bkte\u0159\u00ed \u010dlenov\u00e9 nal\u00e1k\u00e1ni na p\u00e1trac\u00ed akci po krasov\u00fdch jevech<br \/>\nve svaz\u00edch hory Ve\u013ek\u00fd bok. J\u00e1 jsem pro zm\u011bnu po exkurzi v Z\u00e1po\u013enej vyu\u017eil mo\u017enosti<br \/>\ndopravy se Slovinsk\u00fdmi jesky\u0148\u00e1\u0159i z klubu Rakek, se kter\u00fdmi jsme nav\u0161t\u00edvil horn\u00ed n\u00e1dr\u017e<br \/>\np\u0159e\u010derp\u00e1vac\u00ed vodn\u00ed elektr\u00e1rny \u010cierny V\u00e1h s kompletn\u00edm panoramatem Vysok\u00fdch Tater.<br \/>\nV podve\u010der se pak objevil n\u00e1m ji\u017e dob\u0159e zn\u00e1m\u00fd &#8222;\u00fa\u017einov\u00fd trena\u017eer&#8220;, kter\u00fd byl ihned podroben<br \/>\nzah\u0159\u00edvac\u00edmu testov\u00e1n\u00ed. Do ofici\u00e1ln\u00ed sout\u011b\u017ee jsme se v\u0161ak nezapojili, neb se uk\u00e1zalo,<br \/>\n\u017ee na \u010deln\u00ed um\u00edst\u011bn\u00ed nedos\u00e1hneme.<br \/>\nN\u00e1\u0161 klubov\u00fd rekord byl v\u0161ak posunut na hranici v\u0161ech mo\u017enost\u00ed &#8211; 15,6 cm.<br \/>\nVe druh\u00e9 sout\u011b\u017ei, kde se skrze \u0161kv\u00edru pod lavic\u00ed vrhala pr\u00e1zdn\u00e1 plastov\u00e1 vani\u010dka do d\u00e1lky,<br \/>\ndos\u00e1hl p\u011bkn\u00e9ho v\u00fdsledku n\u00e1\u0161 kump\u00e1n Sa\u0161a (tu\u0161\u00edm, \u017ee to bylo n\u011bco p\u0159es 10 m).<\/p>\n<p>Leto\u0161n\u00edho atmosf\u00e9rou komorn\u00edho JT se z\u00fa\u010dastnil rekordn\u00ed po\u010det z\u00e1stupc\u016f ZO 1-04 Zlat\u00fd k\u016f\u0148:<br \/>\nJarda, Pavel, Martin, Honza, Libor, Petr &amp; Mark\u00e9ta, Sa\u0161a + samoz\u0159ejm\u011b n\u00e1\u0161 Velk\u00fd Guru Zdeno.<\/p>\n<p>N\u011bjak\u00e9 fotografie jsou v galerii <a title=\"fotogalerie\" href=\"http:\/\/www.jeskynar.cz\/speleology\/album\/55-jt-maluzina-317-382014\" target=\"_blank\">zde<\/a>.<br \/>\nA videa tradi\u010dn\u011b na <a title=\"videa\" href=\"https:\/\/www.youtube.com\/playlist?list=PL27EECFBDE9109538\" target=\"_blank\">YouTube<\/a>.<\/p>\n<p><a href=\"http:\/\/www.zlatykun.com\/wp-content\/uploads\/2014\/09\/16.-hr\u00e1zky-v-Pekn\u00e9-sieni.jpg\"><img loading=\"lazy\" decoding=\"async\" class=\"alignnone  wp-image-971\" alt=\"Svidovsk\u00e1 jasky\u0148a \u010d. 2 - v Pekn\u00e9 sieni\" src=\"http:\/\/www.zlatykun.com\/wp-content\/uploads\/2014\/09\/16.-hr\u00e1zky-v-Pekn\u00e9-sieni-1024x767.jpg\" width=\"606\" height=\"453\" srcset=\"http:\/\/www.zlatykun.com\/wp-content\/uploads\/2014\/09\/16.-hr\u00e1zky-v-Pekn\u00e9-sieni-1024x767.jpg 1024w, http:\/\/www.zlatykun.com\/wp-content\/uploads\/2014\/09\/16.-hr\u00e1zky-v-Pekn\u00e9-sieni-300x224.jpg 300w, http:\/\/www.zlatykun.com\/wp-content\/uploads\/2014\/09\/16.-hr\u00e1zky-v-Pekn\u00e9-sieni-624x467.jpg 624w\" sizes=\"auto, (max-width: 606px) 100vw, 606px\" \/><\/a><\/p>\n<p>&nbsp;<\/p>\n","protected":false},"excerpt":{"rendered":"<p>I letos se po\u010detn\u00e1 skupina z\u00e1stupc\u016f ZO 1-04 Zlat\u00fd k\u016f\u0148 z\u00fa\u010dastnila Jaskyniarskeho t\u00fd\u017ed\u0148a s po\u0159adov\u00fdm \u010d\u00edslem 55 a lokac\u00ed v autokempu Malu\u017ein\u00e1 v N\u00edzk\u00fdch Tatr\u00e1ch. Jednotliv\u00ed \u00fa\u010dastn\u00edci v\u0161ak p\u0159ij\u00ed\u017ed\u011bli v n\u011bkolika vln\u00e1ch. Nejv\u011bt\u0161\u00ed po\u010det se n\u00e1s tak se\u0161el b\u011bhem p\u00e1tku a soboty &#8211; celkem 8 ks. Pro mnoh\u00e9 z nich za\u010dal kalend\u00e1\u0159n\u00ed t\u00fdden pobytem v [&hellip;]<\/p>\n","protected":false},"author":3,"featured_media":0,"comment_status":"open","ping_status":"open","sticky":false,"template":"","format":"standard","meta":{"footnotes":""},"categories":[3],"tags":[21,22],"class_list":["post-970","post","type-post","status-publish","format-standard","hentry","category-jeskynarsky-tyden","tag-jaskyniarsky-tyzden","tag-maluzina"],"_links":{"self":[{"href":"https:\/\/zlatykun.com\/index.php?rest_route=\/wp\/v2\/posts\/970","targetHints":{"allow":["GET"]}}],"collection":[{"href":"https:\/\/zlatykun.com\/index.php?rest_route=\/wp\/v2\/posts"}],"about":[{"href":"https:\/\/zlatykun.com\/index.php?rest_route=\/wp\/v2\/types\/post"}],"author":[{"embeddable":true,"href":"https:\/\/zlatykun.com\/index.php?rest_route=\/wp\/v2\/users\/3"}],"replies":[{"embeddable":true,"href":"https:\/\/zlatykun.com\/index.php?rest_route=%2Fwp%2Fv2%2Fcomments&post=970"}],"version-history":[{"count":4,"href":"https:\/\/zlatykun.com\/index.php?rest_route=\/wp\/v2\/posts\/970\/revisions"}],"predecessor-version":[{"id":975,"href":"https:\/\/zlatykun.com\/index.php?rest_route=\/wp\/v2\/posts\/970\/revisions\/975"}],"wp:attachment":[{"href":"https:\/\/zlatykun.com\/index.php?rest_route=%2Fwp%2Fv2%2Fmedia&parent=970"}],"wp:term":[{"taxonomy":"category","embeddable":true,"href":"https:\/\/zlatykun.com\/index.php?rest_route=%2Fwp%2Fv2%2Fcategories&post=970"},{"taxonomy":"post_tag","embeddable":true,"href":"https:\/\/zlatykun.com\/index.php?rest_route=%2Fwp%2Fv2%2Ftags&post=970"}],"curies":[{"name":"wp","href":"https:\/\/api.w.org\/{rel}","templated":true}]}}