{"id":942,"date":"2014-07-08T07:46:29","date_gmt":"2014-07-08T07:46:29","guid":{"rendered":"http:\/\/zlatykun.com\/?p=942"},"modified":"2014-07-08T07:48:53","modified_gmt":"2014-07-08T07:48:53","slug":"kdo-nedorazil-velice-zavahal","status":"publish","type":"post","link":"https:\/\/zlatykun.com\/?p=942","title":{"rendered":"Kdo nedorazil, velice zav\u00e1hal"},"content":{"rendered":"<p>Ahoj v\u0161em,<\/p>\n<p><a href=\"http:\/\/www.zlatykun.com\/wp-content\/uploads\/2014\/07\/Oslava-25-let-Speleoklubu-Tyncany.jpg\"><img loading=\"lazy\" decoding=\"async\" class=\"aligncenter size-large wp-image-945\" alt=\"Oslava 25 let Speleoklubu Tyncany\" src=\"http:\/\/www.zlatykun.com\/wp-content\/uploads\/2014\/07\/Oslava-25-let-Speleoklubu-Tyncany-1024x768.jpg\" width=\"625\" height=\"468\" srcset=\"http:\/\/www.zlatykun.com\/wp-content\/uploads\/2014\/07\/Oslava-25-let-Speleoklubu-Tyncany-1024x768.jpg 1024w, http:\/\/www.zlatykun.com\/wp-content\/uploads\/2014\/07\/Oslava-25-let-Speleoklubu-Tyncany-300x225.jpg 300w, http:\/\/www.zlatykun.com\/wp-content\/uploads\/2014\/07\/Oslava-25-let-Speleoklubu-Tyncany-624x468.jpg 624w, http:\/\/www.zlatykun.com\/wp-content\/uploads\/2014\/07\/Oslava-25-let-Speleoklubu-Tyncany.jpg 2000w\" sizes=\"auto, (max-width: 625px) 100vw, 625px\" \/><\/a><\/p>\n<p>O prob\u011bhl\u00e9m v\u00edkendu se v T\u00fdn\u010danech konala velk\u00e1 akce, kter\u00e1 byla opravdu super. M\u00edstn\u00ed jesky\u0148\u00e1\u0159i slavili\u00a025 let Speleoklubu T\u00fdn\u010dany a pojali to opravdu ve velk\u00e9m stylu. P\u00edvo teklo proudem (a taky skv\u011bl\u00e1 malinovka &#8211; m\u00e1m to ale pouze z doslechu&#8230;) a hlady jsme taky nepom\u0159eli. Od utopenc\u016f a tla\u010denky a\u017e po zlat\u00fd h\u0159eb ve\u010dera, ro\u017en\u011bn\u00e9 v\u00fdb\u011brov\u00e9 sel\u00e1tko. O kult\u016fru se starala v\u00fdborn\u00e1 kapelka s pro m\u011b \u00fa\u017easn\u00fdm reperto\u00e1rem &#8211; Od My\u0161\u00edka, p\u0159es Marsyas a\u017e po Ebeny. Sp\u00e1t jsme \u0161li a\u017e k r\u00e1nu.<\/p>\n<p>Ale nejen kult\u016frou \u017eiv je \u010dlov\u011bk, tak\u017ee jsme v sobotu b\u011bhem dne kv\u016fli vytr\u00e1ven\u00ed vyt\u00e1hli z Divi\u0161ovky deponii kamen\u00ed, nast\u0159\u00e1danou od posledn\u00ed hydrot\u011b\u017eby.<\/p>\n<p>V ned\u011bli byla pro odoln\u00e9 jedince uspo\u0159\u00e1d\u00e1na exkurze do Velikono\u010dn\u00ed jeskyn\u011b, ostatn\u00ed se zotavovali po proj\u00e1san\u00e9 sobot\u011b a postupn\u011b balili t\u00e1bor.<\/p>\n<p>Cel\u00e1 akce prob\u00edhala v naprost\u00e9 pohod\u011b, po\u010das\u00ed vy\u0161lo taky super, tak\u017ee, co v\u00edce si vlastn\u011b p\u0159\u00e1t, \u017ee?<\/p>\n<p>Tak\u017ee za m\u011b nezb\u00fdv\u00e1, ne\u017e pod\u011bkovat T\u00fdn\u010da\u0148\u00e1k\u016fm za super akci a douf\u00e1m, \u017ee jsme moc nezlobili. Dovolil jsem si pou\u017e\u00edt skupinovou fotku z\u00fa\u010dastn\u011bn\u00fdch z t\u00fdn\u010dansk\u00e9ho raj\u010d\u00e1tka, ostatn\u00ed fotky naleznete na:<\/p>\n<p><a href=\"http:\/\/speleoklub1-08.rajce.idnes.cz\/Oslava_25_let_Speleoklubu_Tyncany\/\">http:\/\/speleoklub1-08.rajce.idnes.cz\/Oslava_25_let_Speleoklubu_Tyncany\/<\/a><\/p>\n<p>Pavel<\/p>\n","protected":false},"excerpt":{"rendered":"<p>Ahoj v\u0161em, O prob\u011bhl\u00e9m v\u00edkendu se v T\u00fdn\u010danech konala velk\u00e1 akce, kter\u00e1 byla opravdu super. M\u00edstn\u00ed jesky\u0148\u00e1\u0159i slavili\u00a025 let Speleoklubu T\u00fdn\u010dany a pojali to opravdu ve velk\u00e9m stylu. P\u00edvo teklo proudem (a taky skv\u011bl\u00e1 malinovka &#8211; m\u00e1m to ale pouze z doslechu&#8230;) a hlady jsme taky nepom\u0159eli. Od utopenc\u016f a tla\u010denky a\u017e po zlat\u00fd h\u0159eb [&hellip;]<\/p>\n","protected":false},"author":3,"featured_media":0,"comment_status":"open","ping_status":"open","sticky":false,"template":"","format":"standard","meta":{"footnotes":""},"categories":[1],"tags":[],"class_list":["post-942","post","type-post","status-publish","format-standard","hentry","category-nezarazene"],"_links":{"self":[{"href":"https:\/\/zlatykun.com\/index.php?rest_route=\/wp\/v2\/posts\/942","targetHints":{"allow":["GET"]}}],"collection":[{"href":"https:\/\/zlatykun.com\/index.php?rest_route=\/wp\/v2\/posts"}],"about":[{"href":"https:\/\/zlatykun.com\/index.php?rest_route=\/wp\/v2\/types\/post"}],"author":[{"embeddable":true,"href":"https:\/\/zlatykun.com\/index.php?rest_route=\/wp\/v2\/users\/3"}],"replies":[{"embeddable":true,"href":"https:\/\/zlatykun.com\/index.php?rest_route=%2Fwp%2Fv2%2Fcomments&post=942"}],"version-history":[{"count":3,"href":"https:\/\/zlatykun.com\/index.php?rest_route=\/wp\/v2\/posts\/942\/revisions"}],"predecessor-version":[{"id":946,"href":"https:\/\/zlatykun.com\/index.php?rest_route=\/wp\/v2\/posts\/942\/revisions\/946"}],"wp:attachment":[{"href":"https:\/\/zlatykun.com\/index.php?rest_route=%2Fwp%2Fv2%2Fmedia&parent=942"}],"wp:term":[{"taxonomy":"category","embeddable":true,"href":"https:\/\/zlatykun.com\/index.php?rest_route=%2Fwp%2Fv2%2Fcategories&post=942"},{"taxonomy":"post_tag","embeddable":true,"href":"https:\/\/zlatykun.com\/index.php?rest_route=%2Fwp%2Fv2%2Ftags&post=942"}],"curies":[{"name":"wp","href":"https:\/\/api.w.org\/{rel}","templated":true}]}}